{"id":2355,"date":"2025-11-15T22:45:12","date_gmt":"2025-11-15T21:45:12","guid":{"rendered":"https:\/\/avecsoimaime71.fr\/secu03\/?p=2355"},"modified":"2025-11-15T22:45:12","modified_gmt":"2025-11-15T21:45:12","slug":"groupe-de-parole","status":"publish","type":"post","link":"https:\/\/avecsoimaime71.com\/site\/groupe-de-parole\/","title":{"rendered":"Groupe de parole"},"content":{"rendered":"\t\t<div data-elementor-type=\"wp-post\" data-elementor-id=\"2355\" class=\"elementor elementor-2355\">\n\t\t\t\t<div class=\"elementor-element elementor-element-4416f09 e-flex e-con-boxed e-con e-parent\" data-id=\"4416f09\" data-element_type=\"container\" data-e-type=\"container\">\n\t\t\t\t\t<div class=\"e-con-inner\">\n\t\t\t\t<div class=\"elementor-element elementor-element-39f35d9 elementor-widget elementor-widget-spacer\" data-id=\"39f35d9\" data-element_type=\"widget\" data-e-type=\"widget\" data-widget_type=\"spacer.default\">\n\t\t\t\t\t\t\t<div class=\"elementor-spacer\">\n\t\t\t<div class=\"elementor-spacer-inner\"><\/div>\n\t\t<\/div>\n\t\t\t\t\t\t<\/div>\n\t\t\t\t<div class=\"elementor-element elementor-element-549d3b5 elementor-widget elementor-widget-text-editor\" data-id=\"549d3b5\" data-element_type=\"widget\" data-e-type=\"widget\" data-widget_type=\"text-editor.default\">\n\t\t\t\t\t\t\t\t\t<p>Groupes d&rsquo;\u00e9changes et de paroles : se rencontrer, partager, souffler ensemble<\/p><p>\u00catre parent aidant, c&rsquo;est souvent avancer avec courage mais parfois aussi dans la solitude.<\/p><p>\u00ab Avec soi m&rsquo;aime \u00bb croit profond\u00e9ment \u00e0 la force du collectif, \u00e0 la richesse des \u00e9changes et au r\u00e9confort que l&rsquo;on trouve en partageant avec ceux qui vivent des r\u00e9alit\u00e9s similaires.<\/p><p>C&rsquo;est pour cela que nous proposons plusieurs espaces de rencontre, ouverts, simples et chaleureux.<\/p><p><strong>Le Kf\u00e9Blabla<\/strong> <br \/>Un moment pour se dire, se d\u00e9poser, respirer<br \/>Une fois par mois, nous ouvrons les portes du Kf\u00e9Blabla : un temps d&rsquo;\u00e9changes libres, sans jugement, o\u00f9 chacun peut parler de son quotidien, de ses difficult\u00e9s, de ses joies, ou simplement \u00e9couter.<br \/>Autour d&rsquo;un caf\u00e9, d&rsquo;un th\u00e9 et dans une ambiance conviviale, nous cr\u00e9ons ensemble un espace o\u00f9 l&rsquo;on se sent compris, entour\u00e9 et l\u00e9gitime.<\/p><p><strong>Instants partag\u00e9s avec les familles<\/strong><\/p><p>Ponctuellement, nous organisons des moments de rencontre parents\/enfants :<br \/>des ateliers, sorties ou temps conviviaux destin\u00e9s \u00e0 rompre l&rsquo;isolement, favoriser la d\u00e9tente et cr\u00e9er du lien entre les familles.<\/p><p>Ces instants permettent de :<\/p><ul><li>tisser des liens avec d&rsquo;autres parents,<\/li><li>partager son exp\u00e9rience,<\/li><li>se sentir moins seul,<\/li><li>vivre ensemble un moment l\u00e9ger et chaleureux.<\/li><\/ul><p><strong>Pourquoi ces rencontres ?<br \/><\/strong><br \/>Parce que parler, \u00e9couter, rire, se soutenir peut tout changer.<br \/>Parce qu&rsquo;un simple \u00e9change peut redonner de l&rsquo;\u00e9lan.<br \/>Parce qu&rsquo;aucun parent aidant ne devrait avancer seul.<\/p><p>Dans notre association, nos groupes d&rsquo;\u00e9changes sont des espaces o\u00f9 l&rsquo;on se sent accueilli tel que l&rsquo;on est, et o\u00f9 l&rsquo;on peut enfin souffler ensemble.<\/p>\t\t\t\t\t\t\t\t<\/div>\n\t\t\t\t<div class=\"elementor-element elementor-element-b017062 elementor-widget elementor-widget-image\" data-id=\"b017062\" data-element_type=\"widget\" data-e-type=\"widget\" data-widget_type=\"image.default\">\n\t\t\t\t\t\t\t\t\t\t\t\t\t\t\t<img fetchpriority=\"high\" decoding=\"async\" width=\"712\" height=\"482\" src=\"https:\/\/avecsoimaime71.com\/site\/wp-content\/uploads\/2025\/11\/page-accueil-soutenir-kfeblabla-instants-partages.png\" class=\"attachment-large size-large wp-image-4396\" alt=\"\" srcset=\"https:\/\/avecsoimaime71.com\/site\/wp-content\/uploads\/2025\/11\/page-accueil-soutenir-kfeblabla-instants-partages.png 712w, https:\/\/avecsoimaime71.com\/site\/wp-content\/uploads\/2025\/11\/page-accueil-soutenir-kfeblabla-instants-partages-300x203.png 300w\" sizes=\"(max-width: 712px) 100vw, 712px\" \/>\t\t\t\t\t\t\t\t\t\t\t\t\t\t\t<\/div>\n\t\t\t\t\t<\/div>\n\t\t\t\t<\/div>\n\t\t\t\t<\/div>\n\t\t","protected":false},"excerpt":{"rendered":"<p>Groupes d&rsquo;\u00e9changes et de paroles : se rencontrer, partager, souffler ensemble \u00catre parent aidant, c&rsquo;est souvent avancer avec courage mais [&hellip;]<\/p>\n","protected":false},"author":2,"featured_media":4396,"comment_status":"open","ping_status":"open","sticky":false,"template":"","format":"standard","meta":{"site-sidebar-layout":"default","site-content-layout":"","ast-site-content-layout":"default","site-content-style":"default","site-sidebar-style":"default","ast-global-header-display":"","ast-banner-title-visibility":"","ast-main-header-display":"","ast-hfb-above-header-display":"","ast-hfb-below-header-display":"","ast-hfb-mobile-header-display":"","site-post-title":"","ast-breadcrumbs-content":"","ast-featured-img":"","footer-sml-layout":"","ast-disable-related-posts":"","theme-transparent-header-meta":"default","adv-header-id-meta":"","stick-header-meta":"","header-above-stick-meta":"","header-main-stick-meta":"","header-below-stick-meta":"","astra-migrate-meta-layouts":"set","ast-page-background-enabled":"default","ast-page-background-meta":{"desktop":{"background-color":"var(--ast-global-color-5)","background-image":"","background-repeat":"repeat","background-position":"center center","background-size":"auto","background-attachment":"scroll","background-type":"","background-media":"","overlay-type":"","overlay-color":"","overlay-opacity":"","overlay-gradient":""},"tablet":{"background-color":"","background-image":"","background-repeat":"repeat","background-position":"center center","background-size":"auto","background-attachment":"scroll","background-type":"","background-media":"","overlay-type":"","overlay-color":"","overlay-opacity":"","overlay-gradient":""},"mobile":{"background-color":"","background-image":"","background-repeat":"repeat","background-position":"center center","background-size":"auto","background-attachment":"scroll","background-type":"","background-media":"","overlay-type":"","overlay-color":"","overlay-opacity":"","overlay-gradient":""}},"ast-content-background-meta":{"desktop":{"background-color":"var(--ast-global-color-4)","background-image":"","background-repeat":"repeat","background-position":"center center","background-size":"auto","background-attachment":"scroll","background-type":"","background-media":"","overlay-type":"","overlay-color":"","overlay-opacity":"","overlay-gradient":""},"tablet":{"background-color":"var(--ast-global-color-4)","background-image":"","background-repeat":"repeat","background-position":"center center","background-size":"auto","background-attachment":"scroll","background-type":"","background-media":"","overlay-type":"","overlay-color":"","overlay-opacity":"","overlay-gradient":""},"mobile":{"background-color":"var(--ast-global-color-4)","background-image":"","background-repeat":"repeat","background-position":"center center","background-size":"auto","background-attachment":"scroll","background-type":"","background-media":"","overlay-type":"","overlay-color":"","overlay-opacity":"","overlay-gradient":""}},"footnotes":""},"categories":[9],"tags":[],"class_list":["post-2355","post","type-post","status-publish","format-standard","has-post-thumbnail","hentry","category-soutenir"],"_links":{"self":[{"href":"https:\/\/avecsoimaime71.com\/site\/wp-json\/wp\/v2\/posts\/2355","targetHints":{"allow":["GET"]}}],"collection":[{"href":"https:\/\/avecsoimaime71.com\/site\/wp-json\/wp\/v2\/posts"}],"about":[{"href":"https:\/\/avecsoimaime71.com\/site\/wp-json\/wp\/v2\/types\/post"}],"author":[{"embeddable":true,"href":"https:\/\/avecsoimaime71.com\/site\/wp-json\/wp\/v2\/users\/2"}],"replies":[{"embeddable":true,"href":"https:\/\/avecsoimaime71.com\/site\/wp-json\/wp\/v2\/comments?post=2355"}],"version-history":[{"count":0,"href":"https:\/\/avecsoimaime71.com\/site\/wp-json\/wp\/v2\/posts\/2355\/revisions"}],"wp:featuredmedia":[{"embeddable":true,"href":"https:\/\/avecsoimaime71.com\/site\/wp-json\/wp\/v2\/media\/4396"}],"wp:attachment":[{"href":"https:\/\/avecsoimaime71.com\/site\/wp-json\/wp\/v2\/media?parent=2355"}],"wp:term":[{"taxonomy":"category","embeddable":true,"href":"https:\/\/avecsoimaime71.com\/site\/wp-json\/wp\/v2\/categories?post=2355"},{"taxonomy":"post_tag","embeddable":true,"href":"https:\/\/avecsoimaime71.com\/site\/wp-json\/wp\/v2\/tags?post=2355"}],"curies":[{"name":"wp","href":"https:\/\/api.w.org\/{rel}","templated":true}]}}