{"id":2365,"date":"2025-11-15T22:51:43","date_gmt":"2025-11-15T21:51:43","guid":{"rendered":"https:\/\/avecsoimaime71.fr\/secu03\/?p=2365"},"modified":"2025-11-15T22:51:43","modified_gmt":"2025-11-15T21:51:43","slug":"formations-aidants","status":"publish","type":"post","link":"https:\/\/avecsoimaime71.com\/site\/formations-aidants\/","title":{"rendered":"Formations aidants"},"content":{"rendered":"\t\t<div data-elementor-type=\"wp-post\" data-elementor-id=\"2365\" class=\"elementor elementor-2365\">\n\t\t\t\t<div class=\"elementor-element elementor-element-9485a1b e-flex e-con-boxed e-con e-parent\" data-id=\"9485a1b\" data-element_type=\"container\" data-e-type=\"container\">\n\t\t\t\t\t<div class=\"e-con-inner\">\n\t\t\t\t<div class=\"elementor-element elementor-element-30c01dd elementor-widget elementor-widget-spacer\" data-id=\"30c01dd\" data-element_type=\"widget\" data-e-type=\"widget\" data-widget_type=\"spacer.default\">\n\t\t\t\t\t\t\t<div class=\"elementor-spacer\">\n\t\t\t<div class=\"elementor-spacer-inner\"><\/div>\n\t\t<\/div>\n\t\t\t\t\t\t<\/div>\n\t\t\t\t<div class=\"elementor-element elementor-element-3788e08e elementor-widget elementor-widget-text-editor\" data-id=\"3788e08e\" data-element_type=\"widget\" data-e-type=\"widget\" data-widget_type=\"text-editor.default\">\n\t\t\t\t\t\t\t\t\t<p>\u00ab Avec soi m&rsquo;aime \u00bb propose des formations sp\u00e9cialement con\u00e7ues pour les parents et proches aidants d&rsquo;enfants en situation de handicap.<\/p><p>Ces formations permettent de mieux comprendre les d\u00e9marches, conna\u00eetre ses droits, r\u00e9fl\u00e9chir \u00e0 l&rsquo;accompagnement de son enfant et trouver des moments de r\u00e9pit pour soi.<\/p><p><strong>Aide \u00e0 la constitution du dossier MDPH<\/strong><\/p><ul><li style=\"list-style-type: none;\"><ul><li>Dur\u00e9e : 1 journ\u00e9e<\/li><li>Objectif : Apprendre \u00e0 remplir un dossier MDPH pour son enfant, conna\u00eetre ses droits et faciliter les d\u00e9marches administratives.<\/li><li>Pour qui : Parents aidants qui souhaitent s\u00e9curiser et optimiser leurs d\u00e9marches.<\/li><\/ul><\/li><\/ul><p><strong>Tous les droits des parents aidants<\/strong><\/p><ul><li style=\"list-style-type: none;\"><ul><li>Dur\u00e9e : 1 journ\u00e9e<\/li><li>Objectif : Comprendre tous les droits auxquels les parents aidants peuvent pr\u00e9tendre : CPP, AJPP, AEEH, PCH, PPS, etc.<\/li><li>Pour qui : Tous les parents aidants souhaitant se former sur leurs droits et les dispositifs existants.<\/li><\/ul><\/li><\/ul><p><strong>Un autre regard, une autre approche du handicap<\/strong><\/p><ul><li style=\"list-style-type: none;\"><ul><li>Dur\u00e9e : 2 jours<\/li><li>Objectif : D\u00e9couvrir les p\u00e9dagogies alternatives et les outils facilitant l&rsquo;accompagnement des enfants en situation de handicap.<\/li><li>Pour qui : Parents souhaitant enrichir leur approche \u00e9ducative et trouver des m\u00e9thodes innovantes pour soutenir leur enfant.<\/li><\/ul><\/li><\/ul><p><strong>\u00a0Et moi dans tout \u00e7a ?! Sensibilisation au r\u00e9pit<\/strong><\/p><ul><li style=\"list-style-type: none;\"><ul><li>Dur\u00e9e : 1 journ\u00e9e<\/li><li>Objectif : Sensibiliser les parents \u00e0 l&rsquo;importance du r\u00e9pit et du soin de soi dans le quotidien de l&rsquo;aidant.<\/li><li>Pour qui : Tous les aidants qui ont besoin de comprendre l&rsquo;importance de prendre du temps pour eux sans culpabiliser.<\/li><\/ul><\/li><\/ul>\t\t\t\t\t\t\t\t<\/div>\n\t\t\t\t\t<\/div>\n\t\t\t\t<\/div>\n\t\t<div class=\"elementor-element elementor-element-7874755 e-flex e-con-boxed e-con e-parent\" data-id=\"7874755\" data-element_type=\"container\" data-e-type=\"container\">\n\t\t\t\t\t<div class=\"e-con-inner\">\n\t\t\t\t<div class=\"elementor-element elementor-element-9c10785 elementor-widget elementor-widget-image\" data-id=\"9c10785\" data-element_type=\"widget\" data-e-type=\"widget\" data-widget_type=\"image.default\">\n\t\t\t\t\t\t\t\t\t\t\t\t\t\t\t<img fetchpriority=\"high\" decoding=\"async\" width=\"705\" height=\"470\" src=\"https:\/\/avecsoimaime71.com\/site\/wp-content\/uploads\/2025\/11\/page-accueil-informer-formation-aidants.png\" class=\"attachment-large size-large wp-image-4392\" alt=\"\" srcset=\"https:\/\/avecsoimaime71.com\/site\/wp-content\/uploads\/2025\/11\/page-accueil-informer-formation-aidants.png 705w, https:\/\/avecsoimaime71.com\/site\/wp-content\/uploads\/2025\/11\/page-accueil-informer-formation-aidants-300x200.png 300w\" sizes=\"(max-width: 705px) 100vw, 705px\" \/>\t\t\t\t\t\t\t\t\t\t\t\t\t\t\t<\/div>\n\t\t\t\t\t<\/div>\n\t\t\t\t<\/div>\n\t\t\t\t<\/div>\n\t\t","protected":false},"excerpt":{"rendered":"<p>\u00ab Avec soi m&rsquo;aime \u00bb propose des formations sp\u00e9cialement con\u00e7ues pour les parents et proches aidants d&rsquo;enfants en situation de [&hellip;]<\/p>\n","protected":false},"author":2,"featured_media":4392,"comment_status":"open","ping_status":"open","sticky":false,"template":"","format":"standard","meta":{"site-sidebar-layout":"default","site-content-layout":"","ast-site-content-layout":"default","site-content-style":"default","site-sidebar-style":"default","ast-global-header-display":"","ast-banner-title-visibility":"","ast-main-header-display":"","ast-hfb-above-header-display":"","ast-hfb-below-header-display":"","ast-hfb-mobile-header-display":"","site-post-title":"","ast-breadcrumbs-content":"","ast-featured-img":"","footer-sml-layout":"","ast-disable-related-posts":"","theme-transparent-header-meta":"default","adv-header-id-meta":"","stick-header-meta":"","header-above-stick-meta":"","header-main-stick-meta":"","header-below-stick-meta":"","astra-migrate-meta-layouts":"set","ast-page-background-enabled":"default","ast-page-background-meta":{"desktop":{"background-color":"var(--ast-global-color-5)","background-image":"","background-repeat":"repeat","background-position":"center center","background-size":"auto","background-attachment":"scroll","background-type":"","background-media":"","overlay-type":"","overlay-color":"","overlay-opacity":"","overlay-gradient":""},"tablet":{"background-color":"","background-image":"","background-repeat":"repeat","background-position":"center center","background-size":"auto","background-attachment":"scroll","background-type":"","background-media":"","overlay-type":"","overlay-color":"","overlay-opacity":"","overlay-gradient":""},"mobile":{"background-color":"","background-image":"","background-repeat":"repeat","background-position":"center center","background-size":"auto","background-attachment":"scroll","background-type":"","background-media":"","overlay-type":"","overlay-color":"","overlay-opacity":"","overlay-gradient":""}},"ast-content-background-meta":{"desktop":{"background-color":"var(--ast-global-color-4)","background-image":"","background-repeat":"repeat","background-position":"center center","background-size":"auto","background-attachment":"scroll","background-type":"","background-media":"","overlay-type":"","overlay-color":"","overlay-opacity":"","overlay-gradient":""},"tablet":{"background-color":"var(--ast-global-color-4)","background-image":"","background-repeat":"repeat","background-position":"center center","background-size":"auto","background-attachment":"scroll","background-type":"","background-media":"","overlay-type":"","overlay-color":"","overlay-opacity":"","overlay-gradient":""},"mobile":{"background-color":"var(--ast-global-color-4)","background-image":"","background-repeat":"repeat","background-position":"center center","background-size":"auto","background-attachment":"scroll","background-type":"","background-media":"","overlay-type":"","overlay-color":"","overlay-opacity":"","overlay-gradient":""}},"footnotes":""},"categories":[10],"tags":[],"class_list":["post-2365","post","type-post","status-publish","format-standard","has-post-thumbnail","hentry","category-informer"],"_links":{"self":[{"href":"https:\/\/avecsoimaime71.com\/site\/wp-json\/wp\/v2\/posts\/2365","targetHints":{"allow":["GET"]}}],"collection":[{"href":"https:\/\/avecsoimaime71.com\/site\/wp-json\/wp\/v2\/posts"}],"about":[{"href":"https:\/\/avecsoimaime71.com\/site\/wp-json\/wp\/v2\/types\/post"}],"author":[{"embeddable":true,"href":"https:\/\/avecsoimaime71.com\/site\/wp-json\/wp\/v2\/users\/2"}],"replies":[{"embeddable":true,"href":"https:\/\/avecsoimaime71.com\/site\/wp-json\/wp\/v2\/comments?post=2365"}],"version-history":[{"count":0,"href":"https:\/\/avecsoimaime71.com\/site\/wp-json\/wp\/v2\/posts\/2365\/revisions"}],"wp:featuredmedia":[{"embeddable":true,"href":"https:\/\/avecsoimaime71.com\/site\/wp-json\/wp\/v2\/media\/4392"}],"wp:attachment":[{"href":"https:\/\/avecsoimaime71.com\/site\/wp-json\/wp\/v2\/media?parent=2365"}],"wp:term":[{"taxonomy":"category","embeddable":true,"href":"https:\/\/avecsoimaime71.com\/site\/wp-json\/wp\/v2\/categories?post=2365"},{"taxonomy":"post_tag","embeddable":true,"href":"https:\/\/avecsoimaime71.com\/site\/wp-json\/wp\/v2\/tags?post=2365"}],"curies":[{"name":"wp","href":"https:\/\/api.w.org\/{rel}","templated":true}]}}