{"id":2758,"date":"2025-11-18T13:32:03","date_gmt":"2025-11-18T12:32:03","guid":{"rendered":"https:\/\/avecsoimaime71.fr\/secu03\/?p=2758"},"modified":"2025-11-18T13:32:03","modified_gmt":"2025-11-18T12:32:03","slug":"la-voix-des-parents-aidants","status":"publish","type":"post","link":"https:\/\/avecsoimaime71.com\/site\/la-voix-des-parents-aidants\/","title":{"rendered":"La voix des parents aidants"},"content":{"rendered":"\t\t<div data-elementor-type=\"wp-post\" data-elementor-id=\"2758\" class=\"elementor elementor-2758\">\n\t\t\t\t<div class=\"elementor-element elementor-element-6063162e e-flex e-con-boxed e-con e-parent\" data-id=\"6063162e\" data-element_type=\"container\" data-e-type=\"container\">\n\t\t\t\t\t<div class=\"e-con-inner\">\n\t\t\t\t<div class=\"elementor-element elementor-element-0820122 elementor-widget elementor-widget-spacer\" data-id=\"0820122\" data-element_type=\"widget\" data-e-type=\"widget\" data-widget_type=\"spacer.default\">\n\t\t\t\t\t\t\t<div class=\"elementor-spacer\">\n\t\t\t<div class=\"elementor-spacer-inner\"><\/div>\n\t\t<\/div>\n\t\t\t\t\t\t<\/div>\n\t\t\t\t<div class=\"elementor-element elementor-element-3b221f4 elementor-widget elementor-widget-text-editor\" data-id=\"3b221f4\" data-element_type=\"widget\" data-e-type=\"widget\" data-widget_type=\"text-editor.default\">\n\t\t\t\t\t\t\t\t\t<p>\u00a0\u00bb Avec soi m&rsquo;aime \u00a0\u00bb est convaincue que les parents aidants doivent \u00eatre entendus et valoris\u00e9s. <br \/>Sensibiliser le grand public au r\u00f4le essentiel des aidants et \u00e0 la r\u00e9alit\u00e9 du handicap est une priorit\u00e9 pour notre association.<\/p><p><strong>Comment nous agissons :<\/strong><\/p><ul><li>T\u00e9moignages des aidants : partager les exp\u00e9riences, les joies et les d\u00e9fis du quotidien pour mieux faire comprendre leur r\u00e9alit\u00e9.<\/li><li>Campagnes de sensibilisation : participation \u00e0 des \u00e9v\u00e9nements nationaux et r\u00e9gionaux comme la Journ\u00e9e des Aidants ou le Printemps du Handicap, pour informer et mobiliser.<\/li><li>Salons et rencontres familiales : pr\u00e9sence lors du Salon Familles, Parentalit\u00e9 et Handicap \u00a0\u00bb Familles en Folies \u00a0\u00bb pour \u00e9changer avec le public et cr\u00e9er des liens.<\/li><li>Expression artistique : organisation et retransmission d&rsquo;une pi\u00e8ce de th\u00e9\u00e2tre jou\u00e9e par des parents aidants, pour donner vie \u00e0 leurs v\u00e9cus et toucher le public de mani\u00e8re originale et \u00e9motionnelle.<\/li><\/ul><p><br \/><strong>Notre objectif :<\/strong><br \/>Faire entendre la voix de chaque parents aidants, sensibiliser la soci\u00e9t\u00e9 et les pouvoirs publics \u00e0 leurs besoins et valoriser leur engagement quotidien. <br \/><br \/>Chaque t\u00e9moignage, chaque action contribue \u00e0 changer le regard sur le handicap et sur les familles qui accompagnent au quotidien.<\/p>\t\t\t\t\t\t\t\t<\/div>\n\t\t\t\t\t<\/div>\n\t\t\t\t<\/div>\n\t\t<div class=\"elementor-element elementor-element-0c077c8 e-flex e-con-boxed e-con e-parent\" data-id=\"0c077c8\" data-element_type=\"container\" data-e-type=\"container\">\n\t\t\t\t\t<div class=\"e-con-inner\">\n\t\t\t\t<div class=\"elementor-element elementor-element-2abb86d elementor-widget elementor-widget-image\" data-id=\"2abb86d\" data-element_type=\"widget\" data-e-type=\"widget\" data-widget_type=\"image.default\">\n\t\t\t\t\t\t\t\t\t\t\t\t\t\t\t\t<a href=\"https:\/\/avecsoimaime71.fr\/secu03\/wp-content\/uploads\/2025\/11\/page-accueil-sensibiliser-voix-des-aidants.jpg\" data-elementor-open-lightbox=\"yes\" data-elementor-lightbox-title=\"page accueil sensibiliser voix des aidants\" data-e-action-hash=\"#elementor-action%3Aaction%3Dlightbox%26settings%3DeyJpZCI6NDUzMSwidXJsIjoiaHR0cHM6XC9cL2F2ZWNzb2ltYWltZTcxLmNvbVwvc2l0ZVwvd3AtY29udGVudFwvdXBsb2Fkc1wvMjAyNVwvMTFcL3BhZ2UtYWNjdWVpbC1zZW5zaWJpbGlzZXItdm9peC1kZXMtYWlkYW50cy5qcGcifQ%3D%3D\">\n\t\t\t\t\t\t\t<img fetchpriority=\"high\" decoding=\"async\" width=\"706\" height=\"467\" src=\"https:\/\/avecsoimaime71.com\/site\/wp-content\/uploads\/2025\/11\/page-accueil-sensibiliser-voix-des-aidants.jpg\" class=\"attachment-large size-large wp-image-4531\" alt=\"\" srcset=\"https:\/\/avecsoimaime71.com\/site\/wp-content\/uploads\/2025\/11\/page-accueil-sensibiliser-voix-des-aidants.jpg 706w, https:\/\/avecsoimaime71.com\/site\/wp-content\/uploads\/2025\/11\/page-accueil-sensibiliser-voix-des-aidants-300x198.jpg 300w\" sizes=\"(max-width: 706px) 100vw, 706px\" \/>\t\t\t\t\t\t\t\t<\/a>\n\t\t\t\t\t\t\t\t\t\t\t\t\t\t\t<\/div>\n\t\t\t\t\t<\/div>\n\t\t\t\t<\/div>\n\t\t\t\t<\/div>\n\t\t","protected":false},"excerpt":{"rendered":"<p>\u00a0\u00bb Avec soi m&rsquo;aime \u00a0\u00bb est convaincue que les parents aidants doivent \u00eatre entendus et valoris\u00e9s. Sensibiliser le grand public [&hellip;]<\/p>\n","protected":false},"author":2,"featured_media":4531,"comment_status":"open","ping_status":"open","sticky":false,"template":"","format":"standard","meta":{"site-sidebar-layout":"default","site-content-layout":"","ast-site-content-layout":"default","site-content-style":"default","site-sidebar-style":"default","ast-global-header-display":"","ast-banner-title-visibility":"","ast-main-header-display":"","ast-hfb-above-header-display":"","ast-hfb-below-header-display":"","ast-hfb-mobile-header-display":"","site-post-title":"","ast-breadcrumbs-content":"","ast-featured-img":"","footer-sml-layout":"","ast-disable-related-posts":"","theme-transparent-header-meta":"default","adv-header-id-meta":"","stick-header-meta":"","header-above-stick-meta":"","header-main-stick-meta":"","header-below-stick-meta":"","astra-migrate-meta-layouts":"set","ast-page-background-enabled":"default","ast-page-background-meta":{"desktop":{"background-color":"var(--ast-global-color-5)","background-image":"","background-repeat":"repeat","background-position":"center center","background-size":"auto","background-attachment":"scroll","background-type":"","background-media":"","overlay-type":"","overlay-color":"","overlay-opacity":"","overlay-gradient":""},"tablet":{"background-color":"","background-image":"","background-repeat":"repeat","background-position":"center center","background-size":"auto","background-attachment":"scroll","background-type":"","background-media":"","overlay-type":"","overlay-color":"","overlay-opacity":"","overlay-gradient":""},"mobile":{"background-color":"","background-image":"","background-repeat":"repeat","background-position":"center center","background-size":"auto","background-attachment":"scroll","background-type":"","background-media":"","overlay-type":"","overlay-color":"","overlay-opacity":"","overlay-gradient":""}},"ast-content-background-meta":{"desktop":{"background-color":"var(--ast-global-color-4)","background-image":"","background-repeat":"repeat","background-position":"center center","background-size":"auto","background-attachment":"scroll","background-type":"","background-media":"","overlay-type":"","overlay-color":"","overlay-opacity":"","overlay-gradient":""},"tablet":{"background-color":"var(--ast-global-color-4)","background-image":"","background-repeat":"repeat","background-position":"center center","background-size":"auto","background-attachment":"scroll","background-type":"","background-media":"","overlay-type":"","overlay-color":"","overlay-opacity":"","overlay-gradient":""},"mobile":{"background-color":"var(--ast-global-color-4)","background-image":"","background-repeat":"repeat","background-position":"center center","background-size":"auto","background-attachment":"scroll","background-type":"","background-media":"","overlay-type":"","overlay-color":"","overlay-opacity":"","overlay-gradient":""}},"footnotes":""},"categories":[13],"tags":[],"class_list":["post-2758","post","type-post","status-publish","format-standard","has-post-thumbnail","hentry","category-sensibiliser"],"_links":{"self":[{"href":"https:\/\/avecsoimaime71.com\/site\/wp-json\/wp\/v2\/posts\/2758","targetHints":{"allow":["GET"]}}],"collection":[{"href":"https:\/\/avecsoimaime71.com\/site\/wp-json\/wp\/v2\/posts"}],"about":[{"href":"https:\/\/avecsoimaime71.com\/site\/wp-json\/wp\/v2\/types\/post"}],"author":[{"embeddable":true,"href":"https:\/\/avecsoimaime71.com\/site\/wp-json\/wp\/v2\/users\/2"}],"replies":[{"embeddable":true,"href":"https:\/\/avecsoimaime71.com\/site\/wp-json\/wp\/v2\/comments?post=2758"}],"version-history":[{"count":0,"href":"https:\/\/avecsoimaime71.com\/site\/wp-json\/wp\/v2\/posts\/2758\/revisions"}],"wp:featuredmedia":[{"embeddable":true,"href":"https:\/\/avecsoimaime71.com\/site\/wp-json\/wp\/v2\/media\/4531"}],"wp:attachment":[{"href":"https:\/\/avecsoimaime71.com\/site\/wp-json\/wp\/v2\/media?parent=2758"}],"wp:term":[{"taxonomy":"category","embeddable":true,"href":"https:\/\/avecsoimaime71.com\/site\/wp-json\/wp\/v2\/categories?post=2758"},{"taxonomy":"post_tag","embeddable":true,"href":"https:\/\/avecsoimaime71.com\/site\/wp-json\/wp\/v2\/tags?post=2758"}],"curies":[{"name":"wp","href":"https:\/\/api.w.org\/{rel}","templated":true}]}}