{"id":2760,"date":"2025-11-18T13:33:39","date_gmt":"2025-11-18T12:33:39","guid":{"rendered":"https:\/\/avecsoimaime71.fr\/secu03\/?p=2760"},"modified":"2025-11-18T13:33:39","modified_gmt":"2025-11-18T12:33:39","slug":"charge-invisible","status":"publish","type":"post","link":"https:\/\/avecsoimaime71.com\/site\/charge-invisible\/","title":{"rendered":"Charge invisible"},"content":{"rendered":"\t\t<div data-elementor-type=\"wp-post\" data-elementor-id=\"2760\" class=\"elementor elementor-2760\">\n\t\t\t\t<div class=\"elementor-element elementor-element-236ab2b e-flex e-con-boxed e-con e-parent\" data-id=\"236ab2b\" data-element_type=\"container\" data-e-type=\"container\">\n\t\t\t\t\t<div class=\"e-con-inner\">\n\t\t\t\t<div class=\"elementor-element elementor-element-bc3a746 elementor-widget elementor-widget-spacer\" data-id=\"bc3a746\" data-element_type=\"widget\" data-e-type=\"widget\" data-widget_type=\"spacer.default\">\n\t\t\t\t\t\t\t<div class=\"elementor-spacer\">\n\t\t\t<div class=\"elementor-spacer-inner\"><\/div>\n\t\t<\/div>\n\t\t\t\t\t\t<\/div>\n\t\t\t\t<div class=\"elementor-element elementor-element-d2b2bbd elementor-widget elementor-widget-text-editor\" data-id=\"d2b2bbd\" data-element_type=\"widget\" data-e-type=\"widget\" data-widget_type=\"text-editor.default\">\n\t\t\t\t\t\t\t\t\t<p>Sensibiliser : la charge invisible des parents aidants<\/p><p>La charge mentale et \u00e9motionnelle qui p\u00e8se sur les parents aidants est immense, souvent m\u00e9connue, et pourtant omnipr\u00e9sente.<\/p><p>Avec soi m&rsquo;aime, s&rsquo;engage \u00e0 mettre en lumi\u00e8re cette charge invisible, \u00e0 prot\u00e9ger la sant\u00e9 mentale des aidants et \u00e0 sensibiliser l&rsquo;ensemble de la soci\u00e9t\u00e9 \u00e0 cette r\u00e9alit\u00e9.<br \/>Nos actions pour faire conna\u00eetre et reconna\u00eetre la charge invisible :<\/p><p><strong>Nos actions de sensibilisation :<\/strong><\/p><p><strong>Sensibilisation des jeunes<\/strong><\/p><ul><li>Interventions dans les coll\u00e8ges et lyc\u00e9es pour sensibiliser les futurs adultes au handicap.<\/li><li>D\u00e9tection des jeunes aidants et encouragement \u00e0 la reconnaissance de leur r\u00f4le.<\/li><\/ul><p><br \/><strong>Sensibilisation des professionnels de sant\u00e9, du social et du m\u00e9dico-social<\/strong><\/p><ul><li>Pr\u00e9sentation de notre association et de ses missions pour mieux accompagner la sant\u00e9 mentale des parents aidants.<\/li><li>Formation et sensibilisation \u00e0 la d\u00e9tection pr\u00e9coce des signes de surcharge physique et mentale li\u00e9e \u00e0 l&rsquo;accompagnement d&rsquo;un enfant en situation de handicap.<\/li><li>Formation des professionnels en contact avec les enfants pour favoriser l&rsquo;inclusion en milieu ordinaire : \u00e9cole, centre de loisirs, cantine, cr\u00e8che, club de sport<\/li><li>Formation sp\u00e9cifique pour la prise en charge des jeunes enfants en situation de handicap en cr\u00e8che.<\/li><\/ul><p><br \/><strong>Sensibilisation des entreprises et collectivit\u00e9s<\/strong><\/p><ul><li>Formation des ressources humaines sur les droits sp\u00e9cifiques des parents aidants.<\/li><li>R\u00e9unions d&rsquo;information et permanences sur site pour informer et soutenir les salari\u00e9s ou agents parents d&rsquo;enfants en situation de handicap.<\/li><li>Aide administrative \u00e0 la constitution de dossiers MDPH directement sur le lieu de travail.<\/li><li>Organisation de groupes de parole pour les parents aidants sur leur lieu de travail.<\/li><\/ul><p><br \/><strong>Notre objectif<\/strong><\/p><p>Faire conna\u00eetre le droit au r\u00e9pit, sensibiliser l&rsquo;ensemble de la soci\u00e9t\u00e9 et des acteurs autour de l&rsquo;enfant et du handicap et mettre en place un soutien concret et durable pour les parents aidants qui travaillent.<\/p><p>Chaque action contribue \u00e0 pr\u00e9venir l&rsquo;\u00e9puisement et am\u00e9liorer le quotidien des familles.<\/p><p>\u00a0<\/p>\t\t\t\t\t\t\t\t<\/div>\n\t\t\t\t<div class=\"elementor-element elementor-element-aead0fd elementor-widget elementor-widget-image\" data-id=\"aead0fd\" data-element_type=\"widget\" data-e-type=\"widget\" data-widget_type=\"image.default\">\n\t\t\t\t\t\t\t\t\t\t\t\t\t\t\t<img fetchpriority=\"high\" decoding=\"async\" width=\"488\" height=\"466\" src=\"https:\/\/avecsoimaime71.com\/site\/wp-content\/uploads\/2025\/11\/page-accueil-sensibiliser-charge-invisible.jpg\" class=\"attachment-large size-large wp-image-4496\" alt=\"\" srcset=\"https:\/\/avecsoimaime71.com\/site\/wp-content\/uploads\/2025\/11\/page-accueil-sensibiliser-charge-invisible.jpg 488w, https:\/\/avecsoimaime71.com\/site\/wp-content\/uploads\/2025\/11\/page-accueil-sensibiliser-charge-invisible-300x286.jpg 300w\" sizes=\"(max-width: 488px) 100vw, 488px\" \/>\t\t\t\t\t\t\t\t\t\t\t\t\t\t\t<\/div>\n\t\t\t\t\t<\/div>\n\t\t\t\t<\/div>\n\t\t\t\t<\/div>\n\t\t","protected":false},"excerpt":{"rendered":"<p>Sensibiliser : la charge invisible des parents aidants La charge mentale et \u00e9motionnelle qui p\u00e8se sur les parents aidants est [&hellip;]<\/p>\n","protected":false},"author":2,"featured_media":4496,"comment_status":"open","ping_status":"open","sticky":false,"template":"","format":"standard","meta":{"site-sidebar-layout":"default","site-content-layout":"","ast-site-content-layout":"default","site-content-style":"default","site-sidebar-style":"default","ast-global-header-display":"","ast-banner-title-visibility":"","ast-main-header-display":"","ast-hfb-above-header-display":"","ast-hfb-below-header-display":"","ast-hfb-mobile-header-display":"","site-post-title":"","ast-breadcrumbs-content":"","ast-featured-img":"","footer-sml-layout":"","ast-disable-related-posts":"","theme-transparent-header-meta":"default","adv-header-id-meta":"","stick-header-meta":"","header-above-stick-meta":"","header-main-stick-meta":"","header-below-stick-meta":"","astra-migrate-meta-layouts":"set","ast-page-background-enabled":"default","ast-page-background-meta":{"desktop":{"background-color":"var(--ast-global-color-5)","background-image":"","background-repeat":"repeat","background-position":"center center","background-size":"auto","background-attachment":"scroll","background-type":"","background-media":"","overlay-type":"","overlay-color":"","overlay-opacity":"","overlay-gradient":""},"tablet":{"background-color":"","background-image":"","background-repeat":"repeat","background-position":"center center","background-size":"auto","background-attachment":"scroll","background-type":"","background-media":"","overlay-type":"","overlay-color":"","overlay-opacity":"","overlay-gradient":""},"mobile":{"background-color":"","background-image":"","background-repeat":"repeat","background-position":"center center","background-size":"auto","background-attachment":"scroll","background-type":"","background-media":"","overlay-type":"","overlay-color":"","overlay-opacity":"","overlay-gradient":""}},"ast-content-background-meta":{"desktop":{"background-color":"var(--ast-global-color-4)","background-image":"","background-repeat":"repeat","background-position":"center center","background-size":"auto","background-attachment":"scroll","background-type":"","background-media":"","overlay-type":"","overlay-color":"","overlay-opacity":"","overlay-gradient":""},"tablet":{"background-color":"var(--ast-global-color-4)","background-image":"","background-repeat":"repeat","background-position":"center center","background-size":"auto","background-attachment":"scroll","background-type":"","background-media":"","overlay-type":"","overlay-color":"","overlay-opacity":"","overlay-gradient":""},"mobile":{"background-color":"var(--ast-global-color-4)","background-image":"","background-repeat":"repeat","background-position":"center center","background-size":"auto","background-attachment":"scroll","background-type":"","background-media":"","overlay-type":"","overlay-color":"","overlay-opacity":"","overlay-gradient":""}},"footnotes":""},"categories":[13],"tags":[],"class_list":["post-2760","post","type-post","status-publish","format-standard","has-post-thumbnail","hentry","category-sensibiliser"],"_links":{"self":[{"href":"https:\/\/avecsoimaime71.com\/site\/wp-json\/wp\/v2\/posts\/2760","targetHints":{"allow":["GET"]}}],"collection":[{"href":"https:\/\/avecsoimaime71.com\/site\/wp-json\/wp\/v2\/posts"}],"about":[{"href":"https:\/\/avecsoimaime71.com\/site\/wp-json\/wp\/v2\/types\/post"}],"author":[{"embeddable":true,"href":"https:\/\/avecsoimaime71.com\/site\/wp-json\/wp\/v2\/users\/2"}],"replies":[{"embeddable":true,"href":"https:\/\/avecsoimaime71.com\/site\/wp-json\/wp\/v2\/comments?post=2760"}],"version-history":[{"count":0,"href":"https:\/\/avecsoimaime71.com\/site\/wp-json\/wp\/v2\/posts\/2760\/revisions"}],"wp:featuredmedia":[{"embeddable":true,"href":"https:\/\/avecsoimaime71.com\/site\/wp-json\/wp\/v2\/media\/4496"}],"wp:attachment":[{"href":"https:\/\/avecsoimaime71.com\/site\/wp-json\/wp\/v2\/media?parent=2760"}],"wp:term":[{"taxonomy":"category","embeddable":true,"href":"https:\/\/avecsoimaime71.com\/site\/wp-json\/wp\/v2\/categories?post=2760"},{"taxonomy":"post_tag","embeddable":true,"href":"https:\/\/avecsoimaime71.com\/site\/wp-json\/wp\/v2\/tags?post=2760"}],"curies":[{"name":"wp","href":"https:\/\/api.w.org\/{rel}","templated":true}]}}