{"id":3262,"date":"2025-06-01T13:23:08","date_gmt":"2025-06-01T11:23:08","guid":{"rendered":"https:\/\/avecsoimaime71.fr\/secu03\/?p=3262"},"modified":"2026-01-24T09:46:44","modified_gmt":"2026-01-24T08:46:44","slug":"marie-the","status":"publish","type":"post","link":"https:\/\/avecsoimaime71.com\/site\/marie-the\/","title":{"rendered":"Marie-Th\u00e9"},"content":{"rendered":"\t\t<div data-elementor-type=\"wp-page\" data-elementor-id=\"3262\" class=\"elementor elementor-3262\">\n\t\t\t\t<div class=\"elementor-element elementor-element-6b6ef33b e-flex e-con-boxed e-con e-parent\" data-id=\"6b6ef33b\" data-element_type=\"container\" data-e-type=\"container\">\n\t\t\t\t\t<div class=\"e-con-inner\">\n\t\t<div class=\"elementor-element elementor-element-5be293e e-con-full e-flex e-con e-child\" data-id=\"5be293e\" data-element_type=\"container\" data-e-type=\"container\">\n\t\t\t\t<div class=\"elementor-element elementor-element-36487c7c elementor-widget elementor-widget-text-editor\" data-id=\"36487c7c\" data-element_type=\"widget\" data-e-type=\"widget\" data-widget_type=\"text-editor.default\">\n\t\t\t\t\t\t\t\t\t<p><img fetchpriority=\"high\" decoding=\"async\" class=\"size-medium wp-image-6870\" src=\"https:\/\/avecsoimaime71.com\/site\/wp-content\/uploads\/2026\/01\/avatar-femme-2-face-300x289.jpeg\" alt=\"Marie-Th\u00e9\" width=\"300\" height=\"289\" srcset=\"https:\/\/avecsoimaime71.com\/site\/wp-content\/uploads\/2026\/01\/avatar-femme-2-face-300x289.jpeg 300w, https:\/\/avecsoimaime71.com\/site\/wp-content\/uploads\/2026\/01\/avatar-femme-2-face.jpeg 415w\" sizes=\"(max-width: 300px) 100vw, 300px\" \/>\u00a0<\/p>\t\t\t\t\t\t\t\t<\/div>\n\t\t\t\t<\/div>\n\t\t<div class=\"elementor-element elementor-element-3268c2f e-con-full e-flex e-con e-child\" data-id=\"3268c2f\" data-element_type=\"container\" data-e-type=\"container\">\n\t\t\t\t<div class=\"elementor-element elementor-element-eab7ec7 elementor-widget elementor-widget-text-editor\" data-id=\"eab7ec7\" data-element_type=\"widget\" data-e-type=\"widget\" data-widget_type=\"text-editor.default\">\n\t\t\t\t\t\t\t\t\t<p>Qui suis-je ?\u00a0 Apr\u00e8s avoir travaill\u00e9 dans le milieu m\u00e9dical aupr\u00e8s de personnes en situation de handicap, j&rsquo;accompagne aujourd&rsquo;hui chacun avec une pr\u00e9sence calme, pos\u00e9e et centr\u00e9e.<\/p><p>Je propose \u00e0 destination des parents aidants des ateliers de fascia-th\u00e9rapie, une approche douce qui rel\u00e2che les tensions, soulage les douleurs et aide le corps \u00e0 retrouver un mode de r\u00e9cup\u00e9ration.<\/p><p>J&rsquo;exerce \u00e9galement \u00e0 Charnay-l\u00e8s-M\u00e2con (71), o\u00f9 je propose la fascia-th\u00e9rapie, la yoga-th\u00e9rapie et le yoga balles.<\/p><p>Vous pouvez me retrouver sur ma page Facebook : Le Meilleur de Soi.<\/p>\t\t\t\t\t\t\t\t<\/div>\n\t\t\t\t<div class=\"elementor-element elementor-element-7fbfd7d elementor-align-right elementor-widget elementor-widget-button\" data-id=\"7fbfd7d\" data-element_type=\"widget\" data-e-type=\"widget\" data-widget_type=\"button.default\">\n\t\t\t\t\t\t\t\t\t\t<a class=\"elementor-button elementor-button-link elementor-size-sm\" href=\"http:\/\/aide-soignante%20et%20maman%20d&#039;une%20jeune%20adulte%20en%20situation%20de%20handicap.%20Au%20fil%20des%20ann\u00e9es,%20j&#039;ai%20d\u02da%20d\u00e9poser%20de%20nombreux%20dossiers%20MDPH%20pour%20ma%20fille,%20ce%20qui%20m&#039;a%20apport\u00e9%20une%20r\u00e9elle%20exp\u00e9rience%20dans%20les%20d\u00e9marches%20administratives%20souvent%20complexes%20que%20doivent%20affronter%20les%20familles.%20Aujourd&#039;hui,%20j&#039;ai%20\u00e0%20c\u0153ur%20de%20partager%20cette%20exp\u00e9rience%20pour%20accompagner%20les%20parents,%20les%20aider%20\u00e0%20mieux%20comprendre%20les%20dispositifs,%20pr\u00e9parer%20leurs%20dossiers%20et%20faciliter%20leurs%20d\u00e9marches.%20J&#039;interviens%20ponctuellement,%20sur%20demande%20des%20familles%20adh\u00e9rentes,%20pour%20offrir%20un%20soutien%20pratique%20et%20bienveillant%20\u00e0%20ceux%20qui%20en%20ont%20besoin.\">\n\t\t\t\t\t\t<span class=\"elementor-button-content-wrapper\">\n\t\t\t\t\t\t\t\t\t<span class=\"elementor-button-text\">Neurofeedback : En savoir plus ...<\/span>\n\t\t\t\t\t<\/span>\n\t\t\t\t\t<\/a>\n\t\t\t\t\t\t\t\t<\/div>\n\t\t\t\t<\/div>\n\t\t\t\t\t<\/div>\n\t\t\t\t<\/div>\n\t\t\t\t<\/div>\n\t\t","protected":false},"excerpt":{"rendered":"<p>\u00a0 Qui suis-je ?\u00a0 Apr\u00e8s avoir travaill\u00e9 dans le milieu m\u00e9dical aupr\u00e8s de personnes en situation de handicap, j&rsquo;accompagne aujourd&rsquo;hui [&hellip;]<\/p>\n","protected":false},"author":2,"featured_media":2142,"comment_status":"closed","ping_status":"closed","sticky":false,"template":"","format":"standard","meta":{"site-sidebar-layout":"default","site-content-layout":"","ast-site-content-layout":"default","site-content-style":"default","site-sidebar-style":"default","ast-global-header-display":"","ast-banner-title-visibility":"","ast-main-header-display":"","ast-hfb-above-header-display":"","ast-hfb-below-header-display":"","ast-hfb-mobile-header-display":"","site-post-title":"","ast-breadcrumbs-content":"","ast-featured-img":"","footer-sml-layout":"","ast-disable-related-posts":"","theme-transparent-header-meta":"default","adv-header-id-meta":"","stick-header-meta":"","header-above-stick-meta":"","header-main-stick-meta":"","header-below-stick-meta":"","astra-migrate-meta-layouts":"set","ast-page-background-enabled":"default","ast-page-background-meta":{"desktop":{"background-color":"var(--ast-global-color-5)","background-image":"","background-repeat":"repeat","background-position":"center center","background-size":"auto","background-attachment":"scroll","background-type":"","background-media":"","overlay-type":"","overlay-color":"","overlay-opacity":"","overlay-gradient":""},"tablet":{"background-color":"","background-image":"","background-repeat":"repeat","background-position":"center center","background-size":"auto","background-attachment":"scroll","background-type":"","background-media":"","overlay-type":"","overlay-color":"","overlay-opacity":"","overlay-gradient":""},"mobile":{"background-color":"","background-image":"","background-repeat":"repeat","background-position":"center center","background-size":"auto","background-attachment":"scroll","background-type":"","background-media":"","overlay-type":"","overlay-color":"","overlay-opacity":"","overlay-gradient":""}},"ast-content-background-meta":{"desktop":{"background-color":"var(--ast-global-color-4)","background-image":"","background-repeat":"repeat","background-position":"center center","background-size":"auto","background-attachment":"scroll","background-type":"","background-media":"","overlay-type":"","overlay-color":"","overlay-opacity":"","overlay-gradient":""},"tablet":{"background-color":"var(--ast-global-color-4)","background-image":"","background-repeat":"repeat","background-position":"center center","background-size":"auto","background-attachment":"scroll","background-type":"","background-media":"","overlay-type":"","overlay-color":"","overlay-opacity":"","overlay-gradient":""},"mobile":{"background-color":"var(--ast-global-color-4)","background-image":"","background-repeat":"repeat","background-position":"center center","background-size":"auto","background-attachment":"scroll","background-type":"","background-media":"","overlay-type":"","overlay-color":"","overlay-opacity":"","overlay-gradient":""}},"footnotes":""},"categories":[7],"tags":[],"class_list":["post-3262","post","type-post","status-publish","format-standard","has-post-thumbnail","hentry","category-equipe-avec-soi-maime"],"_links":{"self":[{"href":"https:\/\/avecsoimaime71.com\/site\/wp-json\/wp\/v2\/posts\/3262","targetHints":{"allow":["GET"]}}],"collection":[{"href":"https:\/\/avecsoimaime71.com\/site\/wp-json\/wp\/v2\/posts"}],"about":[{"href":"https:\/\/avecsoimaime71.com\/site\/wp-json\/wp\/v2\/types\/post"}],"author":[{"embeddable":true,"href":"https:\/\/avecsoimaime71.com\/site\/wp-json\/wp\/v2\/users\/2"}],"replies":[{"embeddable":true,"href":"https:\/\/avecsoimaime71.com\/site\/wp-json\/wp\/v2\/comments?post=3262"}],"version-history":[{"count":2,"href":"https:\/\/avecsoimaime71.com\/site\/wp-json\/wp\/v2\/posts\/3262\/revisions"}],"predecessor-version":[{"id":7905,"href":"https:\/\/avecsoimaime71.com\/site\/wp-json\/wp\/v2\/posts\/3262\/revisions\/7905"}],"wp:featuredmedia":[{"embeddable":true,"href":"https:\/\/avecsoimaime71.com\/site\/wp-json\/wp\/v2\/media\/2142"}],"wp:attachment":[{"href":"https:\/\/avecsoimaime71.com\/site\/wp-json\/wp\/v2\/media?parent=3262"}],"wp:term":[{"taxonomy":"category","embeddable":true,"href":"https:\/\/avecsoimaime71.com\/site\/wp-json\/wp\/v2\/categories?post=3262"},{"taxonomy":"post_tag","embeddable":true,"href":"https:\/\/avecsoimaime71.com\/site\/wp-json\/wp\/v2\/tags?post=3262"}],"curies":[{"name":"wp","href":"https:\/\/api.w.org\/{rel}","templated":true}]}}