{"id":575,"date":"2025-10-01T21:34:25","date_gmt":"2025-10-01T19:34:25","guid":{"rendered":"https:\/\/mboudry.fr\/ASAIME\/?page_id=575"},"modified":"2025-10-01T21:34:25","modified_gmt":"2025-10-01T19:34:25","slug":"elisabeth","status":"publish","type":"post","link":"https:\/\/avecsoimaime71.com\/site\/elisabeth\/","title":{"rendered":"\u00c9lisabeth"},"content":{"rendered":"\t\t<div data-elementor-type=\"wp-page\" data-elementor-id=\"575\" class=\"elementor elementor-575\">\n\t\t\t\t<div class=\"elementor-element elementor-element-eec650e e-flex e-con-boxed e-con e-parent\" data-id=\"eec650e\" data-element_type=\"container\" data-e-type=\"container\">\n\t\t\t\t\t<div class=\"e-con-inner\">\n\t\t<div class=\"elementor-element elementor-element-f2f0f9b e-con-full e-flex e-con e-child\" data-id=\"f2f0f9b\" data-element_type=\"container\" data-e-type=\"container\">\n\t\t\t\t<div class=\"elementor-element elementor-element-039a004 elementor-widget elementor-widget-image\" data-id=\"039a004\" data-element_type=\"widget\" data-e-type=\"widget\" data-widget_type=\"image.default\">\n\t\t\t\t\t\t\t\t\t\t\t\t\t\t\t<img decoding=\"async\" src=\"https:\/\/mboudry.fr\/ASAIME\/wp-content\/uploads\/2025\/08\/elisabeth-shiatsu-et-reflexologie-plantaire.png\" title=\"\" alt=\"\" loading=\"lazy\" \/>\t\t\t\t\t\t\t\t\t\t\t\t\t\t\t<\/div>\n\t\t\t\t<\/div>\n\t\t<div class=\"elementor-element elementor-element-7513f7e e-con-full e-flex e-con e-child\" data-id=\"7513f7e\" data-element_type=\"container\" data-e-type=\"container\">\n\t\t\t\t<div class=\"elementor-element elementor-element-c5acea4 elementor-widget elementor-widget-heading\" data-id=\"c5acea4\" data-element_type=\"widget\" data-e-type=\"widget\" data-widget_type=\"heading.default\">\n\t\t\t\t\t<h2 class=\"elementor-heading-title elementor-size-default\">Qui suis-je ?<\/h2>\t\t\t\t<\/div>\n\t\t\t\t<div class=\"elementor-element elementor-element-76bdd8f elementor-widget elementor-widget-text-editor\" data-id=\"76bdd8f\" data-element_type=\"widget\" data-e-type=\"widget\" data-widget_type=\"text-editor.default\">\n\t\t\t\t\t\t\t\t\t<p>Jeune retrait\u00e9e et psychomotricienne de formation. <br \/><br \/>Au fil des ann\u00e9es, je me suis \u00e9galement form\u00e9e \u00e0 la r\u00e9flexologie plantaire et au shiatsu, deux pratiques que je propose une fois par mois au sein de l&rsquo;association.<br \/><br \/>J&rsquo;ai toujours eu \u00e0 c\u0153ur de soutenir et d&rsquo;accompagner les familles ayant un enfant en situation de handicap. <br \/><br \/>Le handicap a toujours fait partie de ma vie : j&rsquo;ai anim\u00e9 des groupes de parole, accompagn\u00e9 de nombreuses familles, et j&rsquo;ai m\u00eame fait partie d&rsquo;une troupe de th\u00e9\u00e2tre avec des adultes en situation de handicap, une exp\u00e9rience humaine extr\u00eamement riche.<br \/><br \/>Aujourd&rsquo;hui, je continue de m&rsquo;engager avec la m\u00eame conviction : offrir un espace de bienveillance, d&rsquo;\u00e9coute et de mieux-\u00eatre \u00e0 celles et ceux qui en ont besoin<\/p>\t\t\t\t\t\t\t\t<\/div>\n\t\t\t\t<div class=\"elementor-element elementor-element-29cf80f elementor-widget elementor-widget-image\" data-id=\"29cf80f\" data-element_type=\"widget\" data-e-type=\"widget\" data-widget_type=\"image.default\">\n\t\t\t\t\t\t\t\t\t\t\t\t\t\t\t<img decoding=\"async\" src=\"https:\/\/avecsoimaime71.com\/site\/wp-content\/plugins\/elementor\/assets\/images\/placeholder.png\" title=\"\" alt=\"\" loading=\"lazy\" \/>\t\t\t\t\t\t\t\t\t\t\t\t\t\t\t<\/div>\n\t\t\t\t<div class=\"elementor-element elementor-element-aeb2e7a elementor-widget elementor-widget-text-editor\" data-id=\"aeb2e7a\" data-element_type=\"widget\" data-e-type=\"widget\" data-widget_type=\"text-editor.default\">\n\t\t\t\t\t\t\t\t\t<p>Lorem ipsum dolor sit amet, consectetur adipiscing elit. Ut elit tellus, luctus nec ullamcorper mattis, pulvinar dapibus leo.<\/p>\t\t\t\t\t\t\t\t<\/div>\n\t\t\t\t<div class=\"elementor-element elementor-element-1508f7d elementor-align-right elementor-widget elementor-widget-button\" data-id=\"1508f7d\" data-element_type=\"widget\" data-e-type=\"widget\" data-widget_type=\"button.default\">\n\t\t\t\t\t\t\t\t\t\t<a class=\"elementor-button elementor-button-link elementor-size-sm\" href=\"https:\/\/fr.wikipedia.org\/wiki\/Shiatsu\">\n\t\t\t\t\t\t<span class=\"elementor-button-content-wrapper\">\n\t\t\t\t\t\t\t\t\t<span class=\"elementor-button-text\">Shiatsu : En savoir plus ...<\/span>\n\t\t\t\t\t<\/span>\n\t\t\t\t\t<\/a>\n\t\t\t\t\t\t\t\t<\/div>\n\t\t\t\t<div class=\"elementor-element elementor-element-43cf1b4 elementor-widget elementor-widget-image\" data-id=\"43cf1b4\" data-element_type=\"widget\" data-e-type=\"widget\" data-widget_type=\"image.default\">\n\t\t\t\t\t\t\t\t\t\t\t\t\t\t\t<img decoding=\"async\" src=\"https:\/\/avecsoimaime71.com\/site\/wp-content\/plugins\/elementor\/assets\/images\/placeholder.png\" title=\"\" alt=\"\" loading=\"lazy\" \/>\t\t\t\t\t\t\t\t\t\t\t\t\t\t\t<\/div>\n\t\t\t\t<div class=\"elementor-element elementor-element-66d0e1e elementor-widget elementor-widget-text-editor\" data-id=\"66d0e1e\" data-element_type=\"widget\" data-e-type=\"widget\" data-widget_type=\"text-editor.default\">\n\t\t\t\t\t\t\t\t\t<p>Lorem ipsum dolor sit amet, consectetur adipiscing elit. Ut elit tellus, luctus nec ullamcorper mattis, pulvinar dapibus leo.<\/p>\t\t\t\t\t\t\t\t<\/div>\n\t\t\t\t<div class=\"elementor-element elementor-element-51a309d elementor-align-right elementor-widget elementor-widget-button\" data-id=\"51a309d\" data-element_type=\"widget\" data-e-type=\"widget\" data-widget_type=\"button.default\">\n\t\t\t\t\t\t\t\t\t\t<a class=\"elementor-button elementor-button-link elementor-size-sm\" href=\"https:\/\/fr.wikipedia.org\/wiki\/R%C3%A9flexologie\">\n\t\t\t\t\t\t<span class=\"elementor-button-content-wrapper\">\n\t\t\t\t\t\t\t\t\t<span class=\"elementor-button-text\">R\u00e9flexologie plantaire : En savoir plus ...<\/span>\n\t\t\t\t\t<\/span>\n\t\t\t\t\t<\/a>\n\t\t\t\t\t\t\t\t<\/div>\n\t\t\t\t<\/div>\n\t\t\t\t\t<\/div>\n\t\t\t\t<\/div>\n\t\t\t\t<\/div>\n\t\t","protected":false},"excerpt":{"rendered":"<p>Qui suis-je ? Jeune retrait\u00e9e et psychomotricienne de formation. Au fil des ann\u00e9es, je me suis \u00e9galement form\u00e9e \u00e0 la [&hellip;]<\/p>\n","protected":false},"author":2,"featured_media":426,"comment_status":"closed","ping_status":"closed","sticky":false,"template":"","format":"standard","meta":{"site-sidebar-layout":"default","site-content-layout":"","ast-site-content-layout":"default","site-content-style":"default","site-sidebar-style":"default","ast-global-header-display":"","ast-banner-title-visibility":"","ast-main-header-display":"","ast-hfb-above-header-display":"","ast-hfb-below-header-display":"","ast-hfb-mobile-header-display":"","site-post-title":"","ast-breadcrumbs-content":"","ast-featured-img":"","footer-sml-layout":"","ast-disable-related-posts":"","theme-transparent-header-meta":"default","adv-header-id-meta":"","stick-header-meta":"","header-above-stick-meta":"","header-main-stick-meta":"","header-below-stick-meta":"","astra-migrate-meta-layouts":"set","ast-page-background-enabled":"default","ast-page-background-meta":{"desktop":{"background-color":"var(--ast-global-color-5)","background-image":"","background-repeat":"repeat","background-position":"center center","background-size":"auto","background-attachment":"scroll","background-type":"","background-media":"","overlay-type":"","overlay-color":"","overlay-opacity":"","overlay-gradient":""},"tablet":{"background-color":"","background-image":"","background-repeat":"repeat","background-position":"center center","background-size":"auto","background-attachment":"scroll","background-type":"","background-media":"","overlay-type":"","overlay-color":"","overlay-opacity":"","overlay-gradient":""},"mobile":{"background-color":"","background-image":"","background-repeat":"repeat","background-position":"center center","background-size":"auto","background-attachment":"scroll","background-type":"","background-media":"","overlay-type":"","overlay-color":"","overlay-opacity":"","overlay-gradient":""}},"ast-content-background-meta":{"desktop":{"background-color":"var(--ast-global-color-4)","background-image":"","background-repeat":"repeat","background-position":"center center","background-size":"auto","background-attachment":"scroll","background-type":"","background-media":"","overlay-type":"","overlay-color":"","overlay-opacity":"","overlay-gradient":""},"tablet":{"background-color":"var(--ast-global-color-4)","background-image":"","background-repeat":"repeat","background-position":"center center","background-size":"auto","background-attachment":"scroll","background-type":"","background-media":"","overlay-type":"","overlay-color":"","overlay-opacity":"","overlay-gradient":""},"mobile":{"background-color":"var(--ast-global-color-4)","background-image":"","background-repeat":"repeat","background-position":"center center","background-size":"auto","background-attachment":"scroll","background-type":"","background-media":"","overlay-type":"","overlay-color":"","overlay-opacity":"","overlay-gradient":""}},"footnotes":""},"categories":[7],"tags":[],"class_list":["post-575","post","type-post","status-publish","format-standard","has-post-thumbnail","hentry","category-equipe-avec-soi-maime"],"_links":{"self":[{"href":"https:\/\/avecsoimaime71.com\/site\/wp-json\/wp\/v2\/posts\/575","targetHints":{"allow":["GET"]}}],"collection":[{"href":"https:\/\/avecsoimaime71.com\/site\/wp-json\/wp\/v2\/posts"}],"about":[{"href":"https:\/\/avecsoimaime71.com\/site\/wp-json\/wp\/v2\/types\/post"}],"author":[{"embeddable":true,"href":"https:\/\/avecsoimaime71.com\/site\/wp-json\/wp\/v2\/users\/2"}],"replies":[{"embeddable":true,"href":"https:\/\/avecsoimaime71.com\/site\/wp-json\/wp\/v2\/comments?post=575"}],"version-history":[{"count":0,"href":"https:\/\/avecsoimaime71.com\/site\/wp-json\/wp\/v2\/posts\/575\/revisions"}],"wp:featuredmedia":[{"embeddable":true,"href":"https:\/\/avecsoimaime71.com\/site\/wp-json\/wp\/v2\/media\/426"}],"wp:attachment":[{"href":"https:\/\/avecsoimaime71.com\/site\/wp-json\/wp\/v2\/media?parent=575"}],"wp:term":[{"taxonomy":"category","embeddable":true,"href":"https:\/\/avecsoimaime71.com\/site\/wp-json\/wp\/v2\/categories?post=575"},{"taxonomy":"post_tag","embeddable":true,"href":"https:\/\/avecsoimaime71.com\/site\/wp-json\/wp\/v2\/tags?post=575"}],"curies":[{"name":"wp","href":"https:\/\/api.w.org\/{rel}","templated":true}]}}